{"id":944,"date":"2022-10-13T10:02:26","date_gmt":"2022-10-13T10:02:26","guid":{"rendered":"https:\/\/bommaflora.be\/?post_type=actu&#038;p=944"},"modified":"2022-10-13T10:02:28","modified_gmt":"2022-10-13T10:02:28","slug":"le-magasin-bio-et-local-le-marche-de-meme-ouvre-ses-portes","status":"publish","type":"actu","link":"https:\/\/bommaflora.be\/en\/actualites\/le-magasin-bio-et-local-le-marche-de-meme-ouvre-ses-portes\/","title":{"rendered":"Le magasin bio et local &#8220;Le March\u00e9 de M\u00e9m\u00e9&#8221; ouvre ses portes"},"content":{"rendered":"\n<p>Venez nous retrouver \u00e0 l&#8217;inauguration officielle de l&#8217;\u00e9picerie &#8220;Le March\u00e9 de M\u00e9m\u00e9&#8221; ce vendredi 30 septembre de 11h \u00e0 17h !<\/p>\n\n\n\n<p>Outre votre serviteur, les artisans suivants seront pr\u00e9sents pour vous parler de leurs excellents produits disponibles dans leur magasin.<\/p>\n\n\n\n<ul class=\"wp-block-list\"><li>DrinkDrink &#8211; des supers bi\u00e8res artisanales<\/li><li>Coeur de beurre Bruxelles &#8211; Des cookies incroyables<\/li><li>Guigui&#8217;s farm &#8211; Un producteur pas comme les autres<\/li><li>nok_lanoixbio &#8211; Des noix tendres et parfum\u00e9es<\/li><li>Anne-Marie &#8211; Des produits italiens de grande qualit\u00e9<\/li><li>Et bien entendu Bomma Flora &#8211; Du chocolat pas comme les autres qu&#8217;ils disent ; )<\/li><\/ul>\n\n\n\n<p>Vous venez nous voir ?<\/p>\n","protected":false},"author":1,"template":"","class_list":["post-944","actu","type-actu","status-publish","hentry"],"acf":[],"yoast_head":"<!-- This site is optimized with the Yoast SEO plugin v27.2 - https:\/\/yoast.com\/product\/yoast-seo-wordpress\/ -->\n<title>Le magasin bio et local &quot;Le March\u00e9 de M\u00e9m\u00e9&quot; ouvre ses portes - Bomma Flora - Artisanal chocolate<\/title>\n<meta name=\"robots\" content=\"index, follow, max-snippet:-1, max-image-preview:large, max-video-preview:-1\" \/>\n<link rel=\"canonical\" href=\"https:\/\/bommaflora.be\/en\/actualites\/le-magasin-bio-et-local-le-marche-de-meme-ouvre-ses-portes\/\" \/>\n<meta property=\"og:locale\" content=\"en_US\" \/>\n<meta property=\"og:type\" content=\"article\" \/>\n<meta property=\"og:title\" content=\"Le magasin bio et local &quot;Le March\u00e9 de M\u00e9m\u00e9&quot; ouvre ses portes - Bomma Flora - Artisanal chocolate\" \/>\n<meta property=\"og:description\" content=\"Venez nous retrouver \u00e0 l&#8217;inauguration officielle de l&#8217;\u00e9picerie &#8220;Le March\u00e9 de M\u00e9m\u00e9&#8221; ce vendredi 30 septembre de 11h \u00e0 17h ! Outre votre serviteur, les artisans suivants seront pr\u00e9sents pour vous parler de leurs excellents produits disponibles dans leur magasin. DrinkDrink &#8211; des supers bi\u00e8res artisanales Coeur de beurre Bruxelles &#8211; Des cookies incroyables Guigui&#8217;s [&hellip;]\" \/>\n<meta property=\"og:url\" content=\"https:\/\/bommaflora.be\/en\/actualites\/le-magasin-bio-et-local-le-marche-de-meme-ouvre-ses-portes\/\" \/>\n<meta property=\"og:site_name\" content=\"Bomma Flora - Artisanal chocolate\" \/>\n<meta property=\"article:publisher\" content=\"https:\/\/www.facebook.com\/ChocolatBommaFlora\" \/>\n<meta property=\"article:modified_time\" content=\"2022-10-13T10:02:28+00:00\" \/>\n<meta property=\"og:image\" content=\"https:\/\/bommaflora.be\/wp-content\/uploads\/2022\/01\/main-banner-scaled.jpg\" \/>\n\t<meta property=\"og:image:width\" content=\"2560\" \/>\n\t<meta property=\"og:image:height\" content=\"558\" \/>\n\t<meta property=\"og:image:type\" content=\"image\/jpeg\" \/>\n<meta name=\"twitter:card\" content=\"summary_large_image\" \/>\n<meta name=\"twitter:label1\" content=\"Est. reading time\" \/>\n\t<meta name=\"twitter:data1\" content=\"1 minute\" \/>\n<script type=\"application\/ld+json\" class=\"yoast-schema-graph\">{\"@context\":\"https:\/\/schema.org\",\"@graph\":[{\"@type\":\"WebPage\",\"@id\":\"https:\/\/bommaflora.be\/en\/actualites\/le-magasin-bio-et-local-le-marche-de-meme-ouvre-ses-portes\/\",\"url\":\"https:\/\/bommaflora.be\/en\/actualites\/le-magasin-bio-et-local-le-marche-de-meme-ouvre-ses-portes\/\",\"name\":\"Le magasin bio et local \\\"Le March\u00e9 de M\u00e9m\u00e9\\\" ouvre ses portes - Bomma Flora - Artisanal chocolate\",\"isPartOf\":{\"@id\":\"https:\/\/bommaflora.be\/en\/#website\"},\"datePublished\":\"2022-10-13T10:02:26+00:00\",\"dateModified\":\"2022-10-13T10:02:28+00:00\",\"breadcrumb\":{\"@id\":\"https:\/\/bommaflora.be\/en\/actualites\/le-magasin-bio-et-local-le-marche-de-meme-ouvre-ses-portes\/#breadcrumb\"},\"inLanguage\":\"en-US\",\"potentialAction\":[{\"@type\":\"ReadAction\",\"target\":[\"https:\/\/bommaflora.be\/en\/actualites\/le-magasin-bio-et-local-le-marche-de-meme-ouvre-ses-portes\/\"]}]},{\"@type\":\"BreadcrumbList\",\"@id\":\"https:\/\/bommaflora.be\/en\/actualites\/le-magasin-bio-et-local-le-marche-de-meme-ouvre-ses-portes\/#breadcrumb\",\"itemListElement\":[{\"@type\":\"ListItem\",\"position\":1,\"name\":\"Accueil\",\"item\":\"https:\/\/bommaflora.be\/en\/\"},{\"@type\":\"ListItem\",\"position\":2,\"name\":\"Actualit\u00e9s\",\"item\":\"https:\/\/bommaflora.be\/en\/actualites\/\"},{\"@type\":\"ListItem\",\"position\":3,\"name\":\"Le magasin bio et local \u00ab\u00a0Le March\u00e9 de M\u00e9m\u00e9\u00a0\u00bb ouvre ses portes\"}]},{\"@type\":\"WebSite\",\"@id\":\"https:\/\/bommaflora.be\/en\/#website\",\"url\":\"https:\/\/bommaflora.be\/en\/\",\"name\":\"Bomma Flora - Artisanal chocolate\",\"description\":\"Fabrication artisanale de chocolat et de pralines aux plantes de nos contr\u00e9es\",\"publisher\":{\"@id\":\"https:\/\/bommaflora.be\/en\/#organization\"},\"potentialAction\":[{\"@type\":\"SearchAction\",\"target\":{\"@type\":\"EntryPoint\",\"urlTemplate\":\"https:\/\/bommaflora.be\/en\/?s={search_term_string}\"},\"query-input\":{\"@type\":\"PropertyValueSpecification\",\"valueRequired\":true,\"valueName\":\"search_term_string\"}}],\"inLanguage\":\"en-US\"},{\"@type\":\"Organization\",\"@id\":\"https:\/\/bommaflora.be\/en\/#organization\",\"name\":\"Bomma Flora\",\"url\":\"https:\/\/bommaflora.be\/en\/\",\"logo\":{\"@type\":\"ImageObject\",\"inLanguage\":\"en-US\",\"@id\":\"https:\/\/bommaflora.be\/en\/#\/schema\/logo\/image\/\",\"url\":\"https:\/\/bommaflora.be\/wp-content\/uploads\/2022\/01\/logo-bommaflora-vertical-banner.svg\",\"contentUrl\":\"https:\/\/bommaflora.be\/wp-content\/uploads\/2022\/01\/logo-bommaflora-vertical-banner.svg\",\"width\":1,\"height\":1,\"caption\":\"Bomma Flora\"},\"image\":{\"@id\":\"https:\/\/bommaflora.be\/en\/#\/schema\/logo\/image\/\"},\"sameAs\":[\"https:\/\/www.facebook.com\/ChocolatBommaFlora\",\"https:\/\/www.instagram.com\/bommaflora\/\"]}]}<\/script>\n<!-- \/ Yoast SEO plugin. -->","yoast_head_json":{"title":"Le magasin bio et local \"Le March\u00e9 de M\u00e9m\u00e9\" ouvre ses portes - Bomma Flora - Artisanal chocolate","robots":{"index":"index","follow":"follow","max-snippet":"max-snippet:-1","max-image-preview":"max-image-preview:large","max-video-preview":"max-video-preview:-1"},"canonical":"https:\/\/bommaflora.be\/en\/actualites\/le-magasin-bio-et-local-le-marche-de-meme-ouvre-ses-portes\/","og_locale":"en_US","og_type":"article","og_title":"Le magasin bio et local \"Le March\u00e9 de M\u00e9m\u00e9\" ouvre ses portes - Bomma Flora - Artisanal chocolate","og_description":"Venez nous retrouver \u00e0 l&#8217;inauguration officielle de l&#8217;\u00e9picerie &#8220;Le March\u00e9 de M\u00e9m\u00e9&#8221; ce vendredi 30 septembre de 11h \u00e0 17h ! Outre votre serviteur, les artisans suivants seront pr\u00e9sents pour vous parler de leurs excellents produits disponibles dans leur magasin. DrinkDrink &#8211; des supers bi\u00e8res artisanales Coeur de beurre Bruxelles &#8211; Des cookies incroyables Guigui&#8217;s [&hellip;]","og_url":"https:\/\/bommaflora.be\/en\/actualites\/le-magasin-bio-et-local-le-marche-de-meme-ouvre-ses-portes\/","og_site_name":"Bomma Flora - Artisanal chocolate","article_publisher":"https:\/\/www.facebook.com\/ChocolatBommaFlora","article_modified_time":"2022-10-13T10:02:28+00:00","og_image":[{"width":2560,"height":558,"url":"https:\/\/bommaflora.be\/wp-content\/uploads\/2022\/01\/main-banner-scaled.jpg","type":"image\/jpeg"}],"twitter_card":"summary_large_image","twitter_misc":{"Est. reading time":"1 minute"},"schema":{"@context":"https:\/\/schema.org","@graph":[{"@type":"WebPage","@id":"https:\/\/bommaflora.be\/en\/actualites\/le-magasin-bio-et-local-le-marche-de-meme-ouvre-ses-portes\/","url":"https:\/\/bommaflora.be\/en\/actualites\/le-magasin-bio-et-local-le-marche-de-meme-ouvre-ses-portes\/","name":"Le magasin bio et local \"Le March\u00e9 de M\u00e9m\u00e9\" ouvre ses portes - Bomma Flora - Artisanal chocolate","isPartOf":{"@id":"https:\/\/bommaflora.be\/en\/#website"},"datePublished":"2022-10-13T10:02:26+00:00","dateModified":"2022-10-13T10:02:28+00:00","breadcrumb":{"@id":"https:\/\/bommaflora.be\/en\/actualites\/le-magasin-bio-et-local-le-marche-de-meme-ouvre-ses-portes\/#breadcrumb"},"inLanguage":"en-US","potentialAction":[{"@type":"ReadAction","target":["https:\/\/bommaflora.be\/en\/actualites\/le-magasin-bio-et-local-le-marche-de-meme-ouvre-ses-portes\/"]}]},{"@type":"BreadcrumbList","@id":"https:\/\/bommaflora.be\/en\/actualites\/le-magasin-bio-et-local-le-marche-de-meme-ouvre-ses-portes\/#breadcrumb","itemListElement":[{"@type":"ListItem","position":1,"name":"Accueil","item":"https:\/\/bommaflora.be\/en\/"},{"@type":"ListItem","position":2,"name":"Actualit\u00e9s","item":"https:\/\/bommaflora.be\/en\/actualites\/"},{"@type":"ListItem","position":3,"name":"Le magasin bio et local \u00ab\u00a0Le March\u00e9 de M\u00e9m\u00e9\u00a0\u00bb ouvre ses portes"}]},{"@type":"WebSite","@id":"https:\/\/bommaflora.be\/en\/#website","url":"https:\/\/bommaflora.be\/en\/","name":"Bomma Flora - Artisanal chocolate","description":"Fabrication artisanale de chocolat et de pralines aux plantes de nos contr\u00e9es","publisher":{"@id":"https:\/\/bommaflora.be\/en\/#organization"},"potentialAction":[{"@type":"SearchAction","target":{"@type":"EntryPoint","urlTemplate":"https:\/\/bommaflora.be\/en\/?s={search_term_string}"},"query-input":{"@type":"PropertyValueSpecification","valueRequired":true,"valueName":"search_term_string"}}],"inLanguage":"en-US"},{"@type":"Organization","@id":"https:\/\/bommaflora.be\/en\/#organization","name":"Bomma Flora","url":"https:\/\/bommaflora.be\/en\/","logo":{"@type":"ImageObject","inLanguage":"en-US","@id":"https:\/\/bommaflora.be\/en\/#\/schema\/logo\/image\/","url":"https:\/\/bommaflora.be\/wp-content\/uploads\/2022\/01\/logo-bommaflora-vertical-banner.svg","contentUrl":"https:\/\/bommaflora.be\/wp-content\/uploads\/2022\/01\/logo-bommaflora-vertical-banner.svg","width":1,"height":1,"caption":"Bomma Flora"},"image":{"@id":"https:\/\/bommaflora.be\/en\/#\/schema\/logo\/image\/"},"sameAs":["https:\/\/www.facebook.com\/ChocolatBommaFlora","https:\/\/www.instagram.com\/bommaflora\/"]}]}},"featured_img":false,"coauthors":[],"author_meta":{"author_link":"https:\/\/bommaflora.be\/en\/author\/admin\/","display_name":"admin"},"relative_dates":{"created":"Posted 4 years ago","modified":"Updated 4 years ago"},"absolute_dates":{"created":"Posted on October 13, 2022","modified":"Updated on October 13, 2022"},"absolute_dates_time":{"created":"Posted on October 13, 2022 10:02 am","modified":"Updated on October 13, 2022 10:02 am"},"featured_img_caption":"","tax_additional":[],"series_order":"","_links":{"self":[{"href":"https:\/\/bommaflora.be\/en\/wp-json\/wp\/v2\/actu\/944","targetHints":{"allow":["GET"]}}],"collection":[{"href":"https:\/\/bommaflora.be\/en\/wp-json\/wp\/v2\/actu"}],"about":[{"href":"https:\/\/bommaflora.be\/en\/wp-json\/wp\/v2\/types\/actu"}],"wp:attachment":[{"href":"https:\/\/bommaflora.be\/en\/wp-json\/wp\/v2\/media?parent=944"}],"curies":[{"name":"wp","href":"https:\/\/api.w.org\/{rel}","templated":true}]}}